{"id":1248,"date":"2026-02-13T10:05:31","date_gmt":"2026-02-13T09:05:31","guid":{"rendered":"https:\/\/juliencuny.com\/?p=1248"},"modified":"2026-02-13T17:31:01","modified_gmt":"2026-02-13T16:31:01","slug":"le-plongeon-ou-micromegas","status":"publish","type":"post","link":"https:\/\/juliencuny.com\/de\/le-plongeon-ou-micromegas\/","title":{"rendered":"The Dive oder Micromegas?"},"content":{"rendered":"<div  class='flex_column av-15lvk-2b138c1f7812d1a92b0f9a7a773fed7e av_one_full  avia-builder-el-0  avia-builder-el-no-sibling  first flex_column_div'     ><section  class='av_textblock_section av-mlknemdz-0da6b5766fe4cf21fc6f030aaa83088c'   itemscope=\"itemscope\" itemtype=\"https:\/\/schema.org\/BlogPosting\" itemprop=\"blogPost\" ><div class='avia_textblock'  itemprop=\"text\" ><h1 class=\"p1\">Die Zeile als Ausdruck.<br \/>\nDie Zeile als Passage.<\/h1>\n<p>Ich habe gerade dieses Gem\u00e4lde fertiggestellt, \u00bbDer Tauchgang\u00bb, ein gro\u00dfes \u00d6lgem\u00e4lde auf gelber und ockerfarbener Leinwand.<br \/>\nNach dem Malen brauche ich oft den Kontakt zu anderen Menschen. Ich m\u00f6chte mich unterhalten, ihnen das Bild zeigen und ihre Reaktionen beobachten. Dann mache ich etwas anderes: lachen, trinken, essen\u2026<\/p>\n<p>Und wenn ich mit Menschen zusammen bin, vergesse ich nach dem Malen das Gem\u00e4lde nicht v\u00f6llig; es bleibt im Hintergrund wie eine Glut.<\/p>\n<p class=\"p1\">W\u00e4re es abwesend, w\u00e4re es eine Pause. Brennte es noch hell, w\u00e4re es eine Sucht. Glut ist geb\u00fcndelte Hitze, ein Versprechen des Feuers, aber noch nicht das Feuer selbst.<\/p>\n<p class=\"p1\">Ich befinde mich in der Untergrundphase des Prozesses.<\/p>\n<\/div><\/section><br \/>\n\n<style type=\"text\/css\" data-created_by=\"avia_inline_auto\" id=\"style-css-av-mll3iddo-fdf1162fb4e0a2d68c1d8f57436a5f5b\">\n.avia-image-container.av-mll3iddo-fdf1162fb4e0a2d68c1d8f57436a5f5b img.avia_image{\nbox-shadow:none;\n}\n.avia-image-container.av-mll3iddo-fdf1162fb4e0a2d68c1d8f57436a5f5b .av-image-caption-overlay-center{\ncolor:#ffffff;\n}\n<\/style>\n<div  class='avia-image-container av-mll3iddo-fdf1162fb4e0a2d68c1d8f57436a5f5b av-styling- avia-align-center  avia-builder-el-2  el_after_av_textblock  el_before_av_textblock'   itemprop=\"image\" itemscope=\"itemscope\" itemtype=\"https:\/\/schema.org\/ImageObject\" ><div class=\"avia-image-container-inner\"><div class=\"avia-image-overlay-wrap\"><img decoding=\"async\" fetchpriority=\"high\" class='wp-image-1263 avia-img-lazy-loading-not-1263 avia_image' src=\"https:\/\/juliencuny.com\/wp-content\/uploads\/2026\/02\/le-plongeon-02-26-julien-cuny-insitu-web2.jpg\" alt='' title='le-plongeon-02-26-julien-cuny-insitu-web2'  height=\"1448\" width=\"2000\"  itemprop=\"thumbnailUrl\" srcset=\"https:\/\/juliencuny.com\/wp-content\/uploads\/2026\/02\/le-plongeon-02-26-julien-cuny-insitu-web2.jpg 2000w, https:\/\/juliencuny.com\/wp-content\/uploads\/2026\/02\/le-plongeon-02-26-julien-cuny-insitu-web2-300x217.jpg 300w, https:\/\/juliencuny.com\/wp-content\/uploads\/2026\/02\/le-plongeon-02-26-julien-cuny-insitu-web2-1030x746.jpg 1030w, https:\/\/juliencuny.com\/wp-content\/uploads\/2026\/02\/le-plongeon-02-26-julien-cuny-insitu-web2-768x556.jpg 768w, https:\/\/juliencuny.com\/wp-content\/uploads\/2026\/02\/le-plongeon-02-26-julien-cuny-insitu-web2-1536x1112.jpg 1536w, https:\/\/juliencuny.com\/wp-content\/uploads\/2026\/02\/le-plongeon-02-26-julien-cuny-insitu-web2-1500x1086.jpg 1500w, https:\/\/juliencuny.com\/wp-content\/uploads\/2026\/02\/le-plongeon-02-26-julien-cuny-insitu-web2-705x510.jpg 705w\" sizes=\"(max-width: 2000px) 100vw, 2000px\" \/><\/div><\/div><\/div><br \/>\n<section  class='av_textblock_section av-mlknhoqf-421d98085f6186865f466deb45e4e4fc'   itemscope=\"itemscope\" itemtype=\"https:\/\/schema.org\/BlogPosting\" itemprop=\"blogPost\" ><div class='avia_textblock'  itemprop=\"text\" ><p class=\"p1\">Meine Bilder entstehen nicht einfach aus einer Idee. Sie entwickeln sich vielmehr durch einen langsamen Prozess, und die Zeit mit anderen ist kein Umweg. Sie ist wie Holz, das ich sammle. Wenn ich zur Leinwand zur\u00fcckkehre, hauche ich etwas, das bereits da ist, neues Leben ein.<\/p>\n<p class=\"p1\">\n<\/div><\/section><br \/>\n\n<style type=\"text\/css\" data-created_by=\"avia_inline_auto\" id=\"style-css-av-mll35y7u-800653ef057e73cc809c98df93d2e51c\">\n.avia-image-container.av-mll35y7u-800653ef057e73cc809c98df93d2e51c img.avia_image{\nbox-shadow:none;\n}\n.avia-image-container.av-mll35y7u-800653ef057e73cc809c98df93d2e51c .av-image-caption-overlay-center{\ncolor:#ffffff;\n}\n<\/style>\n<div  class='avia-image-container av-mll35y7u-800653ef057e73cc809c98df93d2e51c av-styling- avia-align-center  avia-builder-el-4  el_after_av_textblock  el_before_av_textblock'   itemprop=\"image\" itemscope=\"itemscope\" itemtype=\"https:\/\/schema.org\/ImageObject\" ><div class=\"avia-image-container-inner\"><div class=\"avia-image-overlay-wrap\"><img decoding=\"async\" fetchpriority=\"high\" class='wp-image-1258 avia-img-lazy-loading-not-1258 avia_image' src=\"https:\/\/juliencuny.com\/wp-content\/uploads\/2026\/02\/le-plongeon-02-26-julien-cuny-genese3.jpg\" alt='' title='le-plongeon-02-26-julien-cuny-genese3'  height=\"1603\" width=\"1429\"  itemprop=\"thumbnailUrl\" srcset=\"https:\/\/juliencuny.com\/wp-content\/uploads\/2026\/02\/le-plongeon-02-26-julien-cuny-genese3.jpg 1429w, https:\/\/juliencuny.com\/wp-content\/uploads\/2026\/02\/le-plongeon-02-26-julien-cuny-genese3-267x300.jpg 267w, https:\/\/juliencuny.com\/wp-content\/uploads\/2026\/02\/le-plongeon-02-26-julien-cuny-genese3-918x1030.jpg 918w, https:\/\/juliencuny.com\/wp-content\/uploads\/2026\/02\/le-plongeon-02-26-julien-cuny-genese3-768x862.jpg 768w, https:\/\/juliencuny.com\/wp-content\/uploads\/2026\/02\/le-plongeon-02-26-julien-cuny-genese3-1369x1536.jpg 1369w, https:\/\/juliencuny.com\/wp-content\/uploads\/2026\/02\/le-plongeon-02-26-julien-cuny-genese3-1337x1500.jpg 1337w, https:\/\/juliencuny.com\/wp-content\/uploads\/2026\/02\/le-plongeon-02-26-julien-cuny-genese3-628x705.jpg 628w\" sizes=\"(max-width: 1429px) 100vw, 1429px\" \/><\/div><\/div><\/div><br \/>\n<section  class='av_textblock_section av-mlknqow6-c11ba7086d9200d66c9d36cfdcdb1065'   itemscope=\"itemscope\" itemtype=\"https:\/\/schema.org\/BlogPosting\" itemprop=\"blogPost\" ><div class='avia_textblock'  itemprop=\"text\" ><p class=\"p1\">Ich beginne mit der Figur. Einer vertikalen, totemartigen Figur. Die Vertikalit\u00e4t symbolisiert Aufrechtheit, ein Zentrum, eine bildliche Achse. Anschlie\u00dfend wird die Struktur Vibrationen ausgesetzt.<\/p>\n<p class=\"p1\">Es geht nicht um die Zerst\u00f6rung der Figur. Es geht darum, ihr zuzuh\u00f6ren.<\/p>\n<p class=\"p1\">Malerei wirkt wie Balsam. Ein Balsam leugnet die Wunde nicht. Er erkennt sie an und begleitet sie. Die Schwingungen der Welt zerst\u00f6ren das Bild in meinen Werken nicht; sie machen es durchl\u00e4ssig. Das Bild h\u00f6rt auf, ein Objekt zu sein, und wird zu einem durchschrittenen Feld.<\/p>\n<p class=\"p1\">Ich suche nicht die Instabilit\u00e4t um ihrer selbst willen. Ich lehne lediglich die Unver\u00e4nderlichkeit ab. Und das ist eine ethische Haltung. Das ist die Akzeptanz der Verg\u00e4nglichkeit.<\/p>\n<p class=\"p1\">\n<\/div><\/section><br \/>\n\n<style type=\"text\/css\" data-created_by=\"avia_inline_auto\" id=\"style-css-av-mll38z0n-436c5e2b7f51c61bdc9d0c6ff1b609a9\">\n.avia-image-container.av-mll38z0n-436c5e2b7f51c61bdc9d0c6ff1b609a9 img.avia_image{\nbox-shadow:none;\n}\n.avia-image-container.av-mll38z0n-436c5e2b7f51c61bdc9d0c6ff1b609a9 .av-image-caption-overlay-center{\ncolor:#ffffff;\n}\n<\/style>\n<div  class='avia-image-container av-mll38z0n-436c5e2b7f51c61bdc9d0c6ff1b609a9 av-styling- avia-align-center  avia-builder-el-6  el_after_av_textblock  el_before_av_textblock'   itemprop=\"image\" itemscope=\"itemscope\" itemtype=\"https:\/\/schema.org\/ImageObject\" ><div class=\"avia-image-container-inner\"><div class=\"avia-image-overlay-wrap\"><img decoding=\"async\" fetchpriority=\"high\" class='wp-image-1257 avia-img-lazy-loading-not-1257 avia_image' src=\"https:\/\/juliencuny.com\/wp-content\/uploads\/2026\/02\/dessin-02-26-julien-cuny-genese1.jpg\" alt='' title='Zeichnung-02-26-julien-cuny-genese1'  height=\"2016\" width=\"1512\"  itemprop=\"thumbnailUrl\" srcset=\"https:\/\/juliencuny.com\/wp-content\/uploads\/2026\/02\/dessin-02-26-julien-cuny-genese1.jpg 1512w, https:\/\/juliencuny.com\/wp-content\/uploads\/2026\/02\/dessin-02-26-julien-cuny-genese1-225x300.jpg 225w, https:\/\/juliencuny.com\/wp-content\/uploads\/2026\/02\/dessin-02-26-julien-cuny-genese1-772x1030.jpg 772w, https:\/\/juliencuny.com\/wp-content\/uploads\/2026\/02\/dessin-02-26-julien-cuny-genese1-768x1024.jpg 768w, https:\/\/juliencuny.com\/wp-content\/uploads\/2026\/02\/dessin-02-26-julien-cuny-genese1-1152x1536.jpg 1152w, https:\/\/juliencuny.com\/wp-content\/uploads\/2026\/02\/dessin-02-26-julien-cuny-genese1-1125x1500.jpg 1125w, https:\/\/juliencuny.com\/wp-content\/uploads\/2026\/02\/dessin-02-26-julien-cuny-genese1-529x705.jpg 529w\" sizes=\"(max-width: 1512px) 100vw, 1512px\" \/><\/div><\/div><\/div><br \/>\n<section  class='av_textblock_section av-mlknvtha-71d667d2ad3bbed47978b15edaa92f26'   itemscope=\"itemscope\" itemtype=\"https:\/\/schema.org\/BlogPosting\" itemprop=\"blogPost\" ><div class='avia_textblock'  itemprop=\"text\" ><h2>Besteht das Ziel darin, die Figur verschwinden zu lassen?<\/h2>\n<p class=\"p1\">Ich glaube, es geht mir eher darum, sie zu begleiten, denn ich empfinde eine Art Z\u00e4rtlichkeit f\u00fcr die Figur, doch ihre Pr\u00e4senz ist zu stark. Deshalb lasse ich die Farbe wie einen tr\u00f6stlichen Balsam wirken, sie abmildern und verh\u00fcllen. Ich sp\u00fcre diese verborgene Pr\u00e4senz unter der Farbe noch immer, wie urspr\u00fcnglich beabsichtigt. Dann wird die Farbe, die sie bedeckt, zu einem Tanz, der sich von der Figur l\u00f6st, sich dem Raum hingibt und die Felder vereint. Dies ist die transzendentale Phase.<\/p>\n<p class=\"p1\">Ich lasse die Gestalt nicht verschwinden. Ich begleite sie zu einem Zustand, der gr\u00f6\u00dfer ist als sie selbst.<\/p>\n<\/div><\/section><br \/>\n<section  class='av_textblock_section av-mlko324h-8186c3aba2c2c588cf6b7c325c6d5b52'   itemscope=\"itemscope\" itemtype=\"https:\/\/schema.org\/BlogPosting\" itemprop=\"blogPost\" ><div class='avia_textblock'  itemprop=\"text\" ><h3 class=\"p1\">Anhalten und dann fortfahren: Ist eine Ruhepause beim Erstellen einer Tabelle notwendig?<\/h3>\n<p class=\"p1\">Ja. Weil sich dort etwas verschoben hat. Ich habe es nicht nur ausgebessert. Ich habe das ontologische Gleichgewicht des Gem\u00e4ldes verschoben.<\/p>\n<p><b>Die braune Masse auf der rechten Seite, <\/b>Es absorbiert, es wiegt, es erzeugt eine Gravitationszone, die mit der kantigen Figur konkurriert.<\/p>\n<p><b>Die s\u00e4uregr\u00fcnen Linien, <\/b>Sie durchdringen nicht l\u00e4nger nur, sondern durchqueren und vereinen das Spielfeld.<br \/>\n<b>Der mittlere Bereich ist weniger gut lesbar. <\/b>Zuvor dominierte die kubistische Figur oben rechts. Jetzt ist sie in ein gr\u00f6\u00dferes System eingebettet.<\/p>\n<p><b>Das Gem\u00e4lde atmet weniger \u2013 es vibriert mehr. <\/b><b><\/b>Es herrscht mehr bildliche Kontinuit\u00e4t. Weniger Gegen\u00fcberstellung.<\/p>\n<\/div><\/section><br \/>\n\n<style type=\"text\/css\" data-created_by=\"avia_inline_auto\" id=\"style-css-av-mll39y0a-6e52df78a3b4d4b2609fb0cd63baa2e2\">\n.avia-image-container.av-mll39y0a-6e52df78a3b4d4b2609fb0cd63baa2e2 img.avia_image{\nbox-shadow:none;\n}\n.avia-image-container.av-mll39y0a-6e52df78a3b4d4b2609fb0cd63baa2e2 .av-image-caption-overlay-center{\ncolor:#ffffff;\n}\n<\/style>\n<div  class='avia-image-container av-mll39y0a-6e52df78a3b4d4b2609fb0cd63baa2e2 av-styling- avia-align-center  avia-builder-el-9  el_after_av_textblock  el_before_av_textblock'   itemprop=\"image\" itemscope=\"itemscope\" itemtype=\"https:\/\/schema.org\/ImageObject\" ><div class=\"avia-image-container-inner\"><div class=\"avia-image-overlay-wrap\"><img decoding=\"async\" fetchpriority=\"high\" class='wp-image-1265 avia-img-lazy-loading-not-1265 avia_image' src=\"https:\/\/juliencuny.com\/wp-content\/uploads\/2026\/02\/le-plongeon-02-26-julien-cuny-detail2.jpg\" alt='' title='le-plongeon-02-26-julien-cuny-detail2'  height=\"2016\" width=\"1512\"  itemprop=\"thumbnailUrl\" srcset=\"https:\/\/juliencuny.com\/wp-content\/uploads\/2026\/02\/le-plongeon-02-26-julien-cuny-detail2.jpg 1512w, https:\/\/juliencuny.com\/wp-content\/uploads\/2026\/02\/le-plongeon-02-26-julien-cuny-detail2-225x300.jpg 225w, https:\/\/juliencuny.com\/wp-content\/uploads\/2026\/02\/le-plongeon-02-26-julien-cuny-detail2-772x1030.jpg 772w, https:\/\/juliencuny.com\/wp-content\/uploads\/2026\/02\/le-plongeon-02-26-julien-cuny-detail2-768x1024.jpg 768w, https:\/\/juliencuny.com\/wp-content\/uploads\/2026\/02\/le-plongeon-02-26-julien-cuny-detail2-1152x1536.jpg 1152w, https:\/\/juliencuny.com\/wp-content\/uploads\/2026\/02\/le-plongeon-02-26-julien-cuny-detail2-1125x1500.jpg 1125w, https:\/\/juliencuny.com\/wp-content\/uploads\/2026\/02\/le-plongeon-02-26-julien-cuny-detail2-529x705.jpg 529w\" sizes=\"(max-width: 1512px) 100vw, 1512px\" \/><\/div><\/div><\/div><br \/>\n<section  class='av_textblock_section av-mlko6uo3-8960efc9682dfdfd661a4f4cc1f9fca5'   itemscope=\"itemscope\" itemtype=\"https:\/\/schema.org\/BlogPosting\" itemprop=\"blogPost\" ><div class='avia_textblock'  itemprop=\"text\" ><h3 class=\"p1\">Ich habe nicht die Figur gest\u00e4rkt. Ich habe das Spielfeld gest\u00e4rkt.<\/h3>\n<p class=\"p1\">Malen als Balsam, ein Balsam, der umh\u00fcllt und dann absorbiert.<\/p>\n<p class=\"p1\">Ich empfinde Freude, die Freude dar\u00fcber, beim Malen von organischen und nat\u00fcrlichen Kr\u00e4ften, von Materialien wie Stein, Pflanzen, Muskeln und Adern durchdrungen worden zu sein.<\/p>\n<p class=\"p1\">Durch die \u00dcberarbeitung der Leinwand lie\u00df ich etwas Archaischeres, Organischeres einflie\u00dfen: die braunen Fl\u00e4chen \u2192 Stein\/Erde, die gr\u00fcnen Linien \u2192 Pflanzenleben\/Saft, die dichten Blaut\u00f6ne \u2192 Muskeln\/Fleisch, die Tropfen \u2192 Adern\/Kreislauf<\/p>\n<p class=\"p1\">Das Gem\u00e4lde spricht nicht mehr nur von Figuren. Es spricht von lebender Materie.<\/p>\n<p class=\"p1\">Es gibt zwei sich \u00fcberschneidende Systeme: <b>Die Ruhe, ich<\/b>Es r\u00fchrt von der Struktur her. Die totemistische Vertikalit\u00e4t bleibt bestehen. Die Massen sind an ihrem Platz. Die gelben H\u00fcllen umschlie\u00dfen das Ganze. Es gibt ein Ger\u00fcst.<br \/>\n<b>Aufregung. <\/b>Es entsteht aus Kreuzungen: \u00e4tzende Linien, kantige Br\u00fcche, Spannungen zwischen Fleisch und Stein, Zickzacklinien.<\/p>\n<p class=\"p1\">Das sind Nervenimpulse. Ein Organismus, der ruhig atmet, dessen Venen aber aktiv sind.<\/p>\n<p class=\"p1\"><b>Aus der Ferne, <\/b>Wir sehen das Feld. Die gelben, blauen und braunen Massen bilden eine gro\u00dfe Zirkulation. Wir suchen nicht l\u00e4nger nach einem Muster. Wir sp\u00fcren eine \u00fcbergreifende Dynamik, fast hydraulisch. Dies ist das Kreislaufsystem, wie es in der Radiographie sichtbar ist.<\/p>\n<p class=\"p1\"><b>Aus n\u00e4chster N\u00e4he, <\/b>Wir tauchen in die Substanz ein. Die Pinselstriche, die Schichten, die Nervenlinien werden zu Impulsen. Die Zickzacklinien sind Entladungen. Das s\u00e4uerliche Gr\u00fcn ist ein Zischen. Das Verreiben von Blau und Braun ist Reibung. Die Textur wird h\u00f6rbar. Die Spannung der Linien und Materialien ist pr\u00e4zise genug, um Syn\u00e4sthesie auszul\u00f6sen.<\/p>\n<p class=\"p2\">\u2022 Mega: Verkehrsberuhigung<br \/>\n\u2022 Mikro: organische Bewegung<\/p>\n<p class=\"p2\">Das Herz schl\u00e4gt schnell.<br \/>\nDer stehende K\u00f6rper scheint bewegungslos.<\/p>\n<\/div><\/section><br \/>\n\n<style type=\"text\/css\" data-created_by=\"avia_inline_auto\" id=\"style-css-av-mll3am8c-28fbad0665d76941e6340a8478eaaf72\">\n.avia-image-container.av-mll3am8c-28fbad0665d76941e6340a8478eaaf72 img.avia_image{\nbox-shadow:none;\n}\n.avia-image-container.av-mll3am8c-28fbad0665d76941e6340a8478eaaf72 .av-image-caption-overlay-center{\ncolor:#ffffff;\n}\n<\/style>\n<div  class='avia-image-container av-mll3am8c-28fbad0665d76941e6340a8478eaaf72 av-styling- avia-align-center  avia-builder-el-11  el_after_av_textblock  el_before_av_textblock'   itemprop=\"image\" itemscope=\"itemscope\" itemtype=\"https:\/\/schema.org\/ImageObject\" ><div class=\"avia-image-container-inner\"><div class=\"avia-image-overlay-wrap\"><img decoding=\"async\" fetchpriority=\"high\" class='wp-image-1264 avia-img-lazy-loading-not-1264 avia_image' src=\"https:\/\/juliencuny.com\/wp-content\/uploads\/2026\/02\/le-plongeon-02-26-julien-cuny-detail3.jpg\" alt='' title='the-dive-02-26-julien-cuny-detail3'  height=\"2016\" width=\"1512\"  itemprop=\"thumbnailUrl\" srcset=\"https:\/\/juliencuny.com\/wp-content\/uploads\/2026\/02\/le-plongeon-02-26-julien-cuny-detail3.jpg 1512w, https:\/\/juliencuny.com\/wp-content\/uploads\/2026\/02\/le-plongeon-02-26-julien-cuny-detail3-225x300.jpg 225w, https:\/\/juliencuny.com\/wp-content\/uploads\/2026\/02\/le-plongeon-02-26-julien-cuny-detail3-772x1030.jpg 772w, https:\/\/juliencuny.com\/wp-content\/uploads\/2026\/02\/le-plongeon-02-26-julien-cuny-detail3-768x1024.jpg 768w, https:\/\/juliencuny.com\/wp-content\/uploads\/2026\/02\/le-plongeon-02-26-julien-cuny-detail3-1152x1536.jpg 1152w, https:\/\/juliencuny.com\/wp-content\/uploads\/2026\/02\/le-plongeon-02-26-julien-cuny-detail3-1125x1500.jpg 1125w, https:\/\/juliencuny.com\/wp-content\/uploads\/2026\/02\/le-plongeon-02-26-julien-cuny-detail3-529x705.jpg 529w\" sizes=\"(max-width: 1512px) 100vw, 1512px\" \/><\/div><\/div><\/div><br \/>\n<section  class='av_textblock_section av-mll2b843-cfae761494242354f217b0217887073c'   itemscope=\"itemscope\" itemtype=\"https:\/\/schema.org\/BlogPosting\" itemprop=\"blogPost\" ><div class='avia_textblock'  itemprop=\"text\" ><p class=\"p1\">Die Tabelle funktioniert folgenderma\u00dfen:<\/p>\n<p><b>Mega<\/b> : ein beinahe kosmologisches Feld, eine gewaltige Zirkulation, eine best\u00e4ndige Pr\u00e4senz im Raum.<\/p>\n<p><b>Mikro<\/b> : die Materie, die zittert, die Adern, die Reibung, die inneren Ger\u00e4usche.<\/p>\n<p class=\"p1\">Ich male keine Figur. Ich male eine Leiter. Einen Leitergang. Aus der Ferne sieht man ein System. Aus der N\u00e4he dringt man in die Materie ein.<\/p>\n<p class=\"p1\">Das ist genau die Logik des Lebens: der K\u00f6rper und die Zelle, der Berg und der Stein, der Kosmos und das Teilchen.<\/p>\n<p class=\"p1\">Mega: die Energie der Welt, die globale Schwingung.<br \/>\nMikro: die Geste, die Linie, die Spur.<\/p>\n<p class=\"p1\">Meine Arbeit verbindet beides. Und das erkl\u00e4rt, warum ich die Figur nicht unver\u00e4ndert lassen kann: Sie muss von der Dimension durchdrungen werden. Sonst bleibt sie menschlich. Ich m\u00f6chte aber, dass sie organisch, kosmisch ist.<\/p>\n<\/div><\/section><br \/>\n\n<style type=\"text\/css\" data-created_by=\"avia_inline_auto\" id=\"style-css-av-mll3tsok-e3e7e09afc042bd33344ae8f0f9a5b15\">\n.avia-image-container.av-mll3tsok-e3e7e09afc042bd33344ae8f0f9a5b15 img.avia_image{\nbox-shadow:none;\n}\n.avia-image-container.av-mll3tsok-e3e7e09afc042bd33344ae8f0f9a5b15 .av-image-caption-overlay-center{\ncolor:#ffffff;\n}\n<\/style>\n<div  class='avia-image-container av-mll3tsok-e3e7e09afc042bd33344ae8f0f9a5b15 av-styling- avia-align-center  avia-builder-el-13  el_after_av_textblock  avia-builder-el-last'   itemprop=\"image\" itemscope=\"itemscope\" itemtype=\"https:\/\/schema.org\/ImageObject\" ><div class=\"avia-image-container-inner\"><div class=\"avia-image-overlay-wrap\"><img decoding=\"async\" fetchpriority=\"high\" class='wp-image-1246 avia-img-lazy-loading-not-1246 avia_image' src=\"https:\/\/juliencuny.com\/wp-content\/uploads\/2026\/02\/le-plongeon-02-26-julien-cuny-scaled.jpg\" alt='' title='le-plongeon-02-26-julien-cuny'  height=\"1864\" width=\"2560\"  itemprop=\"thumbnailUrl\" srcset=\"https:\/\/juliencuny.com\/wp-content\/uploads\/2026\/02\/le-plongeon-02-26-julien-cuny-scaled.jpg 2560w, https:\/\/juliencuny.com\/wp-content\/uploads\/2026\/02\/le-plongeon-02-26-julien-cuny-300x218.jpg 300w, https:\/\/juliencuny.com\/wp-content\/uploads\/2026\/02\/le-plongeon-02-26-julien-cuny-1030x750.jpg 1030w, https:\/\/juliencuny.com\/wp-content\/uploads\/2026\/02\/le-plongeon-02-26-julien-cuny-768x559.jpg 768w, https:\/\/juliencuny.com\/wp-content\/uploads\/2026\/02\/le-plongeon-02-26-julien-cuny-1536x1119.jpg 1536w, https:\/\/juliencuny.com\/wp-content\/uploads\/2026\/02\/le-plongeon-02-26-julien-cuny-2048x1491.jpg 2048w, https:\/\/juliencuny.com\/wp-content\/uploads\/2026\/02\/le-plongeon-02-26-julien-cuny-1500x1092.jpg 1500w, https:\/\/juliencuny.com\/wp-content\/uploads\/2026\/02\/le-plongeon-02-26-julien-cuny-705x513.jpg 705w\" sizes=\"(max-width: 2560px) 100vw, 2560px\" \/><\/div><\/div><\/div><\/p><\/div>","protected":false},"excerpt":{"rendered":"","protected":false},"author":1,"featured_media":1265,"comment_status":"open","ping_status":"open","sticky":false,"template":"","format":"standard","meta":{"footnotes":""},"categories":[11,17],"tags":[],"class_list":["post-1248","post","type-post","status-publish","format-standard","has-post-thumbnail","hentry","category-actus","category-blog"],"_links":{"self":[{"href":"https:\/\/juliencuny.com\/de\/wp-json\/wp\/v2\/posts\/1248","targetHints":{"allow":["GET"]}}],"collection":[{"href":"https:\/\/juliencuny.com\/de\/wp-json\/wp\/v2\/posts"}],"about":[{"href":"https:\/\/juliencuny.com\/de\/wp-json\/wp\/v2\/types\/post"}],"author":[{"embeddable":true,"href":"https:\/\/juliencuny.com\/de\/wp-json\/wp\/v2\/users\/1"}],"replies":[{"embeddable":true,"href":"https:\/\/juliencuny.com\/de\/wp-json\/wp\/v2\/comments?post=1248"}],"version-history":[{"count":7,"href":"https:\/\/juliencuny.com\/de\/wp-json\/wp\/v2\/posts\/1248\/revisions"}],"predecessor-version":[{"id":1273,"href":"https:\/\/juliencuny.com\/de\/wp-json\/wp\/v2\/posts\/1248\/revisions\/1273"}],"wp:featuredmedia":[{"embeddable":true,"href":"https:\/\/juliencuny.com\/de\/wp-json\/wp\/v2\/media\/1265"}],"wp:attachment":[{"href":"https:\/\/juliencuny.com\/de\/wp-json\/wp\/v2\/media?parent=1248"}],"wp:term":[{"taxonomy":"category","embeddable":true,"href":"https:\/\/juliencuny.com\/de\/wp-json\/wp\/v2\/categories?post=1248"},{"taxonomy":"post_tag","embeddable":true,"href":"https:\/\/juliencuny.com\/de\/wp-json\/wp\/v2\/tags?post=1248"}],"curies":[{"name":"wp","href":"https:\/\/api.w.org\/{rel}","templated":true}]}}