{"id":343,"date":"2016-09-16T11:11:55","date_gmt":"2016-09-16T10:11:55","guid":{"rendered":"http:\/\/juliencuny.com\/?p=343"},"modified":"2026-02-13T17:42:59","modified_gmt":"2026-02-13T16:42:59","slug":"exposition-villers-les-nancy-nancy-jazz-pulsation","status":"publish","type":"post","link":"https:\/\/juliencuny.com\/de\/exposition-villers-les-nancy-nancy-jazz-pulsation\/","title":{"rendered":"Ausstellung Villers-l\u00e8s-Nancy \/ Nancy Jazz Pulsation"},"content":{"rendered":"<p><a href=\"http:\/\/juliencuny.com\/wp-content\/uploads\/2016\/09\/articleexpo.jpg\" rel=\"attachment wp-att-353\"><img loading=\"lazy\" decoding=\"async\" class=\"alignleft size-full wp-image-353\" src=\"http:\/\/juliencuny.com\/wp-content\/uploads\/2016\/09\/articleexpo.jpg\" alt=\"articleexpo\" width=\"600\" height=\"547\" srcset=\"https:\/\/juliencuny.com\/wp-content\/uploads\/2016\/09\/articleexpo.jpg 600w, https:\/\/juliencuny.com\/wp-content\/uploads\/2016\/09\/articleexpo-300x274.jpg 300w, https:\/\/juliencuny.com\/wp-content\/uploads\/2016\/09\/articleexpo-450x410.jpg 450w\" sizes=\"auto, (max-width: 600px) 100vw, 600px\" \/><\/a><\/p>\n<h3>Vom Chaos zum Lebewesen<br \/>\nVon Mittwoch, dem 28. September bis Sonntag, dem 23. Oktober<\/h3>\n<p>Julien Cuny<\/p>\n<p>Galerie Madame de Graffigny<\/p>\n<p>Julien Cuny, der das Plakat f\u00fcr Nancy Jazz Pulsations 2016 entworfen hat, bietet w\u00e4hrend des Festivals die M\u00f6glichkeit, seine Arbeiten in der Galerie Madame de Graffigny zu entdecken.<\/p>\n<p>Julien Cunys Werk konzentriert sich im Wesentlichen auf den kreativen Prozess. \u00abWenn ich male oder zeichne, beginne ich mit dem Chaos. Ich male spontan einfache Elemente \u2013 Formen, Linien, Fl\u00e4chen \u2013, die ich ohne vorgefasste Idee auf der Leinwand anordne. Diese Elemente greifen ineinander, verbinden sich und ergeben komplexe Formen. Anschlie\u00dfend zeichne ich auf diesen Hintergrund Figuren, Gliedma\u00dfen, K\u00f6rper und Objekte. So entstehen vielf\u00e4ltige Charaktere, die, aus dem Chaos hervorgehend, ihre Realit\u00e4t gestalten. Es ist ein spontaner, physischer und spiritueller Akt.\u201c.<br \/>\nMeine Gem\u00e4lde sollen diesen Weg vom Chaos zum Leben aufzeigen.\u00bb<\/p>\n<h3>Galerie Madame de Graffigny<br \/>\nEINTRITT FREI<br \/>\nVon Mittwoch bis Samstag, von 14:00 bis 18:30 Uhr<br \/>\nSonntag von 14:00 bis 18:00 Uhr<\/h3>\n<p><a href=\"http:\/\/juliencuny.com\/wp-content\/uploads\/2016\/09\/Capture-d\u2019e\u0301cran-2016-09-16-a\u0300-12.10.22.png\" rel=\"attachment wp-att-345\"><img loading=\"lazy\" decoding=\"async\" class=\"alignleft size-full wp-image-345\" src=\"http:\/\/juliencuny.com\/wp-content\/uploads\/2016\/09\/Capture-d\u2019e\u0301cran-2016-09-16-a\u0300-12.10.22.png\" alt=\"capture-decran-2016-09-16-a-12-10-22\" width=\"564\" height=\"368\" srcset=\"https:\/\/juliencuny.com\/wp-content\/uploads\/2016\/09\/Capture-d\u2019e\u0301cran-2016-09-16-a\u0300-12.10.22.png 564w, https:\/\/juliencuny.com\/wp-content\/uploads\/2016\/09\/Capture-d\u2019e\u0301cran-2016-09-16-a\u0300-12.10.22-300x196.png 300w, https:\/\/juliencuny.com\/wp-content\/uploads\/2016\/09\/Capture-d\u2019e\u0301cran-2016-09-16-a\u0300-12.10.22-450x294.png 450w\" sizes=\"auto, (max-width: 564px) 100vw, 564px\" \/><\/a><\/p>","protected":false},"excerpt":{"rendered":"<p>Du chaos \u00e0 l&rsquo;\u00eatre vivant du mer.28\u00a0SEPTEMBRE au\u00a0dim.23\u00a0OCTOBRE Julien Cuny Galerie Mme de Graffigny Auteur de l&rsquo;affiche de Nancy jazz pulsations 2016, Julien Cuny propose une d\u00e9couverte de son oeuvre \u00e0 la galerie Madame de Graffigny, le temps d&rsquo;un festival. Le travail de Julien Cuny est essentiellement port\u00e9 sur le processus cr\u00e9atif. \u00ab Lorsque je [&hellip;]<\/p>\n","protected":false},"author":1,"featured_media":352,"comment_status":"closed","ping_status":"closed","sticky":false,"template":"","format":"standard","meta":{"footnotes":""},"categories":[11,3],"tags":[],"class_list":["post-343","post","type-post","status-publish","format-standard","has-post-thumbnail","hentry","category-actus","category-peinture"],"_links":{"self":[{"href":"https:\/\/juliencuny.com\/de\/wp-json\/wp\/v2\/posts\/343","targetHints":{"allow":["GET"]}}],"collection":[{"href":"https:\/\/juliencuny.com\/de\/wp-json\/wp\/v2\/posts"}],"about":[{"href":"https:\/\/juliencuny.com\/de\/wp-json\/wp\/v2\/types\/post"}],"author":[{"embeddable":true,"href":"https:\/\/juliencuny.com\/de\/wp-json\/wp\/v2\/users\/1"}],"replies":[{"embeddable":true,"href":"https:\/\/juliencuny.com\/de\/wp-json\/wp\/v2\/comments?post=343"}],"version-history":[{"count":6,"href":"https:\/\/juliencuny.com\/de\/wp-json\/wp\/v2\/posts\/343\/revisions"}],"predecessor-version":[{"id":354,"href":"https:\/\/juliencuny.com\/de\/wp-json\/wp\/v2\/posts\/343\/revisions\/354"}],"wp:featuredmedia":[{"embeddable":true,"href":"https:\/\/juliencuny.com\/de\/wp-json\/wp\/v2\/media\/352"}],"wp:attachment":[{"href":"https:\/\/juliencuny.com\/de\/wp-json\/wp\/v2\/media?parent=343"}],"wp:term":[{"taxonomy":"category","embeddable":true,"href":"https:\/\/juliencuny.com\/de\/wp-json\/wp\/v2\/categories?post=343"},{"taxonomy":"post_tag","embeddable":true,"href":"https:\/\/juliencuny.com\/de\/wp-json\/wp\/v2\/tags?post=343"}],"curies":[{"name":"wp","href":"https:\/\/api.w.org\/{rel}","templated":true}]}}