{"id":397,"date":"2017-05-15T14:05:20","date_gmt":"2017-05-15T13:05:20","guid":{"rendered":"http:\/\/juliencuny.com\/?p=397"},"modified":"2026-02-13T17:43:21","modified_gmt":"2026-02-13T16:43:21","slug":"expo-grands-formats","status":"publish","type":"post","link":"https:\/\/juliencuny.com\/de\/expo-grands-formats\/","title":{"rendered":"Ausstellung im Gro\u00dfformat"},"content":{"rendered":"<p>Wir treffen uns schon bald wieder in den G\u00e4rten der Kapelle Saint-Roch in Saint-Di\u00e9. F\u00fcnf gro\u00dfformatige Gem\u00e4lde (6 x 2 m) werden entlang eines kurzen Naturspaziergangs enth\u00fcllt, und am anderen Ende des Gartens wird eine Ausstellung meiner Leinw\u00e4nde zu sehen sein.<\/p>\n<p>Bis bald!<\/p>\n<p><a href=\"http:\/\/juliencuny.com\/wp-content\/uploads\/2017\/05\/Capture-d\u2019e\u0301cran-2017-05-15-a\u0300-13.48.51.png\" rel=\"attachment wp-att-398\"><img loading=\"lazy\" decoding=\"async\" class=\"size-full wp-image-398 aligncenter\" src=\"http:\/\/juliencuny.com\/wp-content\/uploads\/2017\/05\/Capture-d\u2019e\u0301cran-2017-05-15-a\u0300-13.48.51.png\" alt=\"Capture d\u2019e\u0301cran 2017-05-15 a\u0300 13.48.51\" width=\"619\" height=\"880\" srcset=\"https:\/\/juliencuny.com\/wp-content\/uploads\/2017\/05\/Capture-d\u2019e\u0301cran-2017-05-15-a\u0300-13.48.51.png 619w, https:\/\/juliencuny.com\/wp-content\/uploads\/2017\/05\/Capture-d\u2019e\u0301cran-2017-05-15-a\u0300-13.48.51-211x300.png 211w, https:\/\/juliencuny.com\/wp-content\/uploads\/2017\/05\/Capture-d\u2019e\u0301cran-2017-05-15-a\u0300-13.48.51-496x705.png 496w, https:\/\/juliencuny.com\/wp-content\/uploads\/2017\/05\/Capture-d\u2019e\u0301cran-2017-05-15-a\u0300-13.48.51-450x640.png 450w\" sizes=\"auto, (max-width: 619px) 100vw, 619px\" \/><\/a><\/p>","protected":false},"excerpt":{"rendered":"<p>Retrouvons nous tr\u00e8s bient\u00f4t dans les jardins de la chapelle Saint-Roch \u00e0 Saint-Di\u00e9. 5 grands formats seront d\u00e9voil\u00e9s ( 6 x 2 m ) le long d&rsquo;une petite d\u00e9ambulation en pleine nature et une expo de mes toiles sera visible \u00e0 l&rsquo;autre bout du jardin. A tr\u00e8s vite !<\/p>","protected":false},"author":1,"featured_media":398,"comment_status":"closed","ping_status":"closed","sticky":false,"template":"","format":"standard","meta":{"footnotes":""},"categories":[11,3],"tags":[],"class_list":["post-397","post","type-post","status-publish","format-standard","has-post-thumbnail","hentry","category-actus","category-peinture"],"_links":{"self":[{"href":"https:\/\/juliencuny.com\/de\/wp-json\/wp\/v2\/posts\/397","targetHints":{"allow":["GET"]}}],"collection":[{"href":"https:\/\/juliencuny.com\/de\/wp-json\/wp\/v2\/posts"}],"about":[{"href":"https:\/\/juliencuny.com\/de\/wp-json\/wp\/v2\/types\/post"}],"author":[{"embeddable":true,"href":"https:\/\/juliencuny.com\/de\/wp-json\/wp\/v2\/users\/1"}],"replies":[{"embeddable":true,"href":"https:\/\/juliencuny.com\/de\/wp-json\/wp\/v2\/comments?post=397"}],"version-history":[{"count":3,"href":"https:\/\/juliencuny.com\/de\/wp-json\/wp\/v2\/posts\/397\/revisions"}],"predecessor-version":[{"id":403,"href":"https:\/\/juliencuny.com\/de\/wp-json\/wp\/v2\/posts\/397\/revisions\/403"}],"wp:featuredmedia":[{"embeddable":true,"href":"https:\/\/juliencuny.com\/de\/wp-json\/wp\/v2\/media\/398"}],"wp:attachment":[{"href":"https:\/\/juliencuny.com\/de\/wp-json\/wp\/v2\/media?parent=397"}],"wp:term":[{"taxonomy":"category","embeddable":true,"href":"https:\/\/juliencuny.com\/de\/wp-json\/wp\/v2\/categories?post=397"},{"taxonomy":"post_tag","embeddable":true,"href":"https:\/\/juliencuny.com\/de\/wp-json\/wp\/v2\/tags?post=397"}],"curies":[{"name":"wp","href":"https:\/\/api.w.org\/{rel}","templated":true}]}}